{"id":340,"date":"2025-02-09T16:00:18","date_gmt":"2025-02-09T16:00:18","guid":{"rendered":"https:\/\/jever.gewweserems.de\/?p=340"},"modified":"2025-02-09T16:01:55","modified_gmt":"2025-02-09T16:01:55","slug":"bildungstag-der-kreisverbaende-ammerland-und-friesland","status":"publish","type":"post","link":"https:\/\/jever.gewweserems.de\/?p=340","title":{"rendered":"Bildungstag der Kreisverb\u00e4nde Ammerland und Friesland"},"content":{"rendered":"\n<p><br><\/p>\n\n\n\n<figure class=\"wp-block-image size-large\"><img loading=\"lazy\" decoding=\"async\" width=\"1024\" height=\"768\" src=\"https:\/\/jever.gewweserems.de\/wp-content\/uploads\/2025\/02\/PB289620-1024x768.jpg\" alt=\"\" class=\"wp-image-341\" srcset=\"https:\/\/jever.gewweserems.de\/wp-content\/uploads\/2025\/02\/PB289620-1024x768.jpg 1024w, https:\/\/jever.gewweserems.de\/wp-content\/uploads\/2025\/02\/PB289620-300x225.jpg 300w, https:\/\/jever.gewweserems.de\/wp-content\/uploads\/2025\/02\/PB289620-768x576.jpg 768w, https:\/\/jever.gewweserems.de\/wp-content\/uploads\/2025\/02\/PB289620-1536x1152.jpg 1536w, https:\/\/jever.gewweserems.de\/wp-content\/uploads\/2025\/02\/PB289620-2048x1536.jpg 2048w, https:\/\/jever.gewweserems.de\/wp-content\/uploads\/2025\/02\/PB289620-174x131.jpg 174w, https:\/\/jever.gewweserems.de\/wp-content\/uploads\/2025\/02\/PB289620-70x53.jpg 70w\" sizes=\"auto, (max-width: 1024px) 100vw, 1024px\" \/><figcaption class=\"wp-element-caption\">Stefan St\u00f6rmer beim Bildungstag der Kreisverb\u00e4nde Ammerland und Friesland<\/figcaption><\/figure>\n\n\n\n<p><br>Am 25.11.24 veranstalteten die beiden Kreisverb\u00e4nde erstmals gemeinsam einen ganzt\u00e4gigen Bildungstag unter dem Motto \u00bb<em>Lust. Last. Lehrkraft.\u00ab<\/em> im Friesenhotel in Varel.<\/p>\n\n\n\n<p><br>Bei einer Teilnehmerzahl von ca. 30 Personen wurde der Vormittag durch zwei informative Vortr\u00e4ge gef\u00fcllt. Der Gestalttherapeut A. Henkel und der GEW-Landesvorsitzende St. St\u00f6rmer referierten zu den Themen Resilienz und notwendige Ver\u00e4nderungen in der Bildungskrise. Beide Referate waren hoch interessant und denkansto\u00dfend.<\/p>\n\n\n\n<p><br> Nach einem ausgezeichneten Mittagessen wurde die Gruppe auf 2&#215;2 Workshops aufgeteilt, wobei nicht alle zufriedenstellend verliefen. Einer fiel sogar krankheitsbedingt kurzfristig aus, so dass Stefan einspringen musste und den Workshop -allerdings thematisch ver\u00e4ndert- \u00fcbernahm. (Daf\u00fcr herzlichen Dank, Stefan!) Obwohl der Nachmittag leider gegen\u00fcber dem Vormittag informativ abfiel, waren die Teilnehmerinnen und Teilnehmer nach der abschlie\u00dfenden Tombola mit -ausschlie\u00dflich- Gl\u00fcckslosen dann doch sehr vers\u00f6hnlich gestimmt.<\/p>\n\n\n\n<p><br>Geplant ist es, im Herbst 2026 wieder einen Bildungstag in Varel zu veranstalten. \u00dcber Themenvorschl\u00e4ge w\u00fcrden wir uns freuen.<\/p>\n","protected":false},"excerpt":{"rendered":"<p>Stefan St\u00f6rmer beim Bildungstag der Kreisverb\u00e4nde Ammerland und Friesland Am 25.11.24 veranstalteten die beiden Kreisverb\u00e4nde erstmals gemeinsam einen ganzt\u00e4gigen Bildungstag unter dem Motto \u00bbLust. Last. Lehrkraft.\u00ab im Friesenhotel in Varel. Bei einer Teilnehmerzahl von ca. 30 Personen wurde der Vormittag durch zwei informative Vortr\u00e4ge gef\u00fcllt. Der Gestalttherapeut A. Henkel und der GEW-Landesvorsitzende St. St\u00f6rmer referierten zu den Themen Resilienz und notwendige Ver\u00e4nderungen in der Bildungskrise. Beide Referate waren hoch interessant und denkansto\u00dfend. Nach einem ausgezeichneten Mittagessen wurde die Gruppe auf 2&#215;2 Workshops aufgeteilt, wobei nicht alle zufriedenstellend verliefen. Einer fiel sogar krankheitsbedingt kurzfristig aus, so dass Stefan einspringen musste und den Workshop -allerdings thematisch ver\u00e4ndert- \u00fcbernahm. (Daf\u00fcr herzlichen Dank, Stefan!) Obwohl der Nachmittag leider gegen\u00fcber dem Vormittag informativ abfiel, waren die Teilnehmerinnen und Teilnehmer nach der abschlie\u00dfenden Tombola mit -ausschlie\u00dflich- Gl\u00fcckslosen dann doch sehr vers\u00f6hnlich gestimmt. Geplant ist es, im Herbst 2026 wieder einen Bildungstag in Varel zu veranstalten. \u00dcber Themenvorschl\u00e4ge w\u00fcrden wir uns freuen.<\/p>\n","protected":false},"author":2,"featured_media":342,"comment_status":"open","ping_status":"open","sticky":false,"template":"","format":"standard","meta":{"footnotes":""},"categories":[3,4,5],"tags":[],"class_list":["post-340","post","type-post","status-publish","format-standard","has-post-thumbnail","hentry","category-aktuelles","category-veranstaltungen","category-wir_ueber_uns"],"_links":{"self":[{"href":"https:\/\/jever.gewweserems.de\/index.php?rest_route=\/wp\/v2\/posts\/340","targetHints":{"allow":["GET"]}}],"collection":[{"href":"https:\/\/jever.gewweserems.de\/index.php?rest_route=\/wp\/v2\/posts"}],"about":[{"href":"https:\/\/jever.gewweserems.de\/index.php?rest_route=\/wp\/v2\/types\/post"}],"author":[{"embeddable":true,"href":"https:\/\/jever.gewweserems.de\/index.php?rest_route=\/wp\/v2\/users\/2"}],"replies":[{"embeddable":true,"href":"https:\/\/jever.gewweserems.de\/index.php?rest_route=%2Fwp%2Fv2%2Fcomments&post=340"}],"version-history":[{"count":1,"href":"https:\/\/jever.gewweserems.de\/index.php?rest_route=\/wp\/v2\/posts\/340\/revisions"}],"predecessor-version":[{"id":343,"href":"https:\/\/jever.gewweserems.de\/index.php?rest_route=\/wp\/v2\/posts\/340\/revisions\/343"}],"wp:featuredmedia":[{"embeddable":true,"href":"https:\/\/jever.gewweserems.de\/index.php?rest_route=\/wp\/v2\/media\/342"}],"wp:attachment":[{"href":"https:\/\/jever.gewweserems.de\/index.php?rest_route=%2Fwp%2Fv2%2Fmedia&parent=340"}],"wp:term":[{"taxonomy":"category","embeddable":true,"href":"https:\/\/jever.gewweserems.de\/index.php?rest_route=%2Fwp%2Fv2%2Fcategories&post=340"},{"taxonomy":"post_tag","embeddable":true,"href":"https:\/\/jever.gewweserems.de\/index.php?rest_route=%2Fwp%2Fv2%2Ftags&post=340"}],"curies":[{"name":"wp","href":"https:\/\/api.w.org\/{rel}","templated":true}]}}