{"id":317,"date":"2024-01-20T16:29:18","date_gmt":"2024-01-20T16:29:18","guid":{"rendered":"https:\/\/jever.gewweserems.de\/?p=317"},"modified":"2024-03-22T17:30:50","modified_gmt":"2024-03-22T17:30:50","slug":"2500-gegen-1933-2-0","status":"publish","type":"post","link":"https:\/\/jever.gewweserems.de\/?p=317","title":{"rendered":"2500 gegen 1933-2.0"},"content":{"rendered":"\n<p>In den ersten Tagen dieses Jahres musste die demokratisch gesinnte \u00d6ffentlichkeit mit Entsetzen zur Kenntnis nehmen, dass sich Rechtsextreme aus AfD, Werteunion und der identit\u00e4ren Bewegung im letzten Herbst in einem Luxushotel in Potsdam versammelt haben, um dort unverhohlen \u00fcber Vertreibungspl\u00e4ne zu diskutieren.<\/p>\n\n\n\n<p>Als Reaktion auf diese Kampfansage gegen eine offene und vielf\u00e4ltige Gesellschaft wurde und wird in Deutschland zu Kundgebungen und Demonstrationen gegen die Hetze und gegen die menschenverachtende Politik rechtsextremer Gruppierungen aufgerufen. In den meisten Orten \u00fcbersteigen die Teilnehmerzahlen die Erwartungen der Organisatoren bei Weitem. Die Zivilgesellschaft setzt hier ein deutliches Zeichen: Sie steht auf gegen die rassistischen Wahnvorstellungen und die pathologischen Phantasien von ethnischen S\u00e4uberungen, wie sie von rechts au\u00dfen vertreten werden.<\/p>\n\n\n\n<p>Am 20. Januar fand auch in Wilhelmshaven eine Kundgebung gegen Rechtsextremismus statt und Klaus hat dankenswerter Weise eine Mail an die Mitglieder des Kreisverbands geschickt, um sie f\u00fcr die Teilnahme an dieser Veranstaltung zu gewinnen. \u00bbIch werde eine GEW-Fahne mitnehmen, unter der wir uns versammeln k\u00f6nnen\u00ab, hat Klaus geschrieben, aber als ich den Valois-Platz \u2013 Ort der Kundgebung \u2013 erreichte, sah ich zwar die Fahne, aber konnte mich durch die dicht an dicht gedr\u00e4ngten Menschen auf dem Platz nicht zu ihr hindurchdr\u00e4ngen: Tats\u00e4chlich waren 2500 Menschen aus Wilhelmshaven und Friesland zu der Kundgebung gegen rechts gekommen. Ein beeindruckender Erfolg.<\/p>\n\n\n<div class=\"wp-block-image\">\n<figure class=\"aligncenter size-full\"><img loading=\"lazy\" decoding=\"async\" width=\"1000\" height=\"667\" src=\"https:\/\/jever.gewweserems.de\/wp-content\/uploads\/2024\/01\/DSCF5376s.jpg\" alt=\"\" class=\"wp-image-319\" srcset=\"https:\/\/jever.gewweserems.de\/wp-content\/uploads\/2024\/01\/DSCF5376s.jpg 1000w, https:\/\/jever.gewweserems.de\/wp-content\/uploads\/2024\/01\/DSCF5376s-300x200.jpg 300w, https:\/\/jever.gewweserems.de\/wp-content\/uploads\/2024\/01\/DSCF5376s-768x512.jpg 768w\" sizes=\"auto, (max-width: 1000px) 100vw, 1000px\" \/><figcaption class=\"wp-element-caption\">Bild: Neus Greta<\/figcaption><\/figure><\/div>\n\n\n<p>Bruder Franziskus vom Rogate-Kloster in Wilhelmshaven f\u00fchrte durch die Veranstaltung, auf der neben den politischen Vertretern aus den Kommunen und dem Land auch Aktivistinnen und Aktivisten eines breiten Spektrums zivilgesellschaftlicher Organisationen zu h\u00f6ren waren. F\u00fcr mich war es angenehm \u00fcberraschend, dass Rednerinnen und Redner den Schulterschluss mit den demokratischen Gruppen suchten, die versammelt waren und auch die Reaktionen aus der Menschenmenge wiesen darauf hin, dass sich hier eine Kultur des zivilisierten Miteinanders artikulierte, der wir in den letzten Jahren vielleicht zu wenig Wertsch\u00e4tzung entgegengebracht haben.<\/p>\n\n\n\n<p>Innerhalb dieser demokratischen Kultur sollte eine Gewerschaft, gerade eine <strong>Bildungs<\/strong>gewerkschaft, einen festen Platz einnehmen. Lasst uns nicht locker lassen. Wir haben mehr zu verteidigen als wir manchmal vielleicht denken.<\/p>\n","protected":false},"excerpt":{"rendered":"<p>In den ersten Tagen dieses Jahres musste die demokratisch gesinnte \u00d6ffentlichkeit mit Entsetzen zur Kenntnis nehmen, dass sich Rechtsextreme aus AfD, Werteunion und der identit\u00e4ren Bewegung im letzten Herbst in einem Luxushotel in Potsdam versammelt haben, um dort unverhohlen \u00fcber Vertreibungspl\u00e4ne zu diskutieren. Als Reaktion auf diese Kampfansage gegen eine offene und vielf\u00e4ltige Gesellschaft wurde und wird in Deutschland zu Kundgebungen und Demonstrationen gegen die Hetze und gegen die menschenverachtende Politik rechtsextremer Gruppierungen aufgerufen. In den meisten Orten \u00fcbersteigen die Teilnehmerzahlen die Erwartungen der Organisatoren bei Weitem. Die Zivilgesellschaft setzt hier ein deutliches Zeichen: Sie steht auf gegen die rassistischen Wahnvorstellungen und die pathologischen Phantasien von ethnischen S\u00e4uberungen, wie sie von rechts au\u00dfen vertreten werden. Am 20. Januar fand auch in Wilhelmshaven eine Kundgebung gegen Rechtsextremismus statt und Klaus hat dankenswerter Weise eine Mail an die Mitglieder des Kreisverbands geschickt, um sie f\u00fcr die Teilnahme an dieser Veranstaltung zu gewinnen. \u00bbIch werde eine GEW-Fahne mitnehmen, unter der wir uns versammeln k\u00f6nnen\u00ab, hat Klaus geschrieben, aber als ich den Valois-Platz \u2013 Ort der Kundgebung \u2013 erreichte, sah ich zwar die Fahne, aber konnte mich durch die dicht an dicht gedr\u00e4ngten Menschen auf dem Platz nicht zu ihr hindurchdr\u00e4ngen: Tats\u00e4chlich waren 2500 [&#8230;]<\/p>\n","protected":false},"author":2,"featured_media":318,"comment_status":"open","ping_status":"open","sticky":false,"template":"","format":"standard","meta":{"footnotes":""},"categories":[3,1],"tags":[],"class_list":["post-317","post","type-post","status-publish","format-standard","has-post-thumbnail","hentry","category-aktuelles","category-uncategorized"],"_links":{"self":[{"href":"https:\/\/jever.gewweserems.de\/index.php?rest_route=\/wp\/v2\/posts\/317","targetHints":{"allow":["GET"]}}],"collection":[{"href":"https:\/\/jever.gewweserems.de\/index.php?rest_route=\/wp\/v2\/posts"}],"about":[{"href":"https:\/\/jever.gewweserems.de\/index.php?rest_route=\/wp\/v2\/types\/post"}],"author":[{"embeddable":true,"href":"https:\/\/jever.gewweserems.de\/index.php?rest_route=\/wp\/v2\/users\/2"}],"replies":[{"embeddable":true,"href":"https:\/\/jever.gewweserems.de\/index.php?rest_route=%2Fwp%2Fv2%2Fcomments&post=317"}],"version-history":[{"count":4,"href":"https:\/\/jever.gewweserems.de\/index.php?rest_route=\/wp\/v2\/posts\/317\/revisions"}],"predecessor-version":[{"id":323,"href":"https:\/\/jever.gewweserems.de\/index.php?rest_route=\/wp\/v2\/posts\/317\/revisions\/323"}],"wp:featuredmedia":[{"embeddable":true,"href":"https:\/\/jever.gewweserems.de\/index.php?rest_route=\/wp\/v2\/media\/318"}],"wp:attachment":[{"href":"https:\/\/jever.gewweserems.de\/index.php?rest_route=%2Fwp%2Fv2%2Fmedia&parent=317"}],"wp:term":[{"taxonomy":"category","embeddable":true,"href":"https:\/\/jever.gewweserems.de\/index.php?rest_route=%2Fwp%2Fv2%2Fcategories&post=317"},{"taxonomy":"post_tag","embeddable":true,"href":"https:\/\/jever.gewweserems.de\/index.php?rest_route=%2Fwp%2Fv2%2Ftags&post=317"}],"curies":[{"name":"wp","href":"https:\/\/api.w.org\/{rel}","templated":true}]}}