{"id":106,"date":"2018-05-25T08:47:33","date_gmt":"2018-05-25T08:47:33","guid":{"rendered":"http:\/\/jever.gewweserems.de\/?p=106"},"modified":"2025-04-04T14:40:31","modified_gmt":"2025-04-04T14:40:31","slug":"106","status":"publish","type":"post","link":"https:\/\/jever.gewweserems.de\/?p=106","title":{"rendered":"Impressum \/ Datenschutzerkl\u00e4rung"},"content":{"rendered":"\n<h2 class=\"wp-block-heading\">Impressum<\/h2>\n\n\n\n<p><\/p>\n\n\n\n<p>Mit Urteil vom 12. Mai 1998 hat das Landgericht entschieden, dass man durch die Ausbringung<br>eines Links die Inhalte der gelinkten Seite ggf. mit zu verantworten hat.<br>Dies kann \u2013 so das LG \u2013 nur dadurch verhindert werden, dass man sich ausdr\u00fccklich von diesen Inhalten distanziert.<br>Wir haben auf verschiedenen Seiten dieser Homepage, Links zu anderen Seiten im Internet gelegt.<br>F\u00fcr all diese Links gilt: Wir m\u00f6chten ausdr\u00fccklich betonen, dass wir keinerlei Einfluss auf die Gestaltung und die Inhalte der gelinkten Seiten haben.<br>Deshalb distanzieren wir uns hiermit ausdr\u00fccklich von Inhalten aller gelinkten Seiten auf unserer Homepage und machen uns ihre Inhalte nicht zu eigen.<br>Diese Erkl\u00e4rung gilt f\u00fcr alle auf unserer Homepage ausgebrachten Links.<\/p>\n\n\n\n<p>Verantwortlich f\u00fcr diese Webpage ist Martin Baurmann.<\/p>\n\n\n\n<p>Postanschrift:<\/p>\n\n\n\n<p>Martin Baurmann<\/p>\n\n\n\n<p>Fichtestra\u00dfe 11<\/p>\n\n\n\n<p>26384 Wilhelmshaven<\/p>\n\n\n\n<p>martin.baurmann [at] gmx.de<\/p>\n\n\n\n<p><\/p>\n\n\n<div id=\"main-content\" class=\"mh-content\">\n<article id=\"page-4911\" class=\"post-4911 page type-page status-publish\"><header class=\"page-header\">\n<h1 class=\"entry-title page-title\">Datenschutzerkl\u00e4rung<\/h1>\n<\/header>\n<div class=\"entry-content clearfix\">\n<p><b>Diese Datenschutzerkl\u00e4rung soll die Nutzer dieser Webseite gem\u00e4\u00df Bundesdatenschutzgesetz, Telemediengesetz und Europ\u00e4ische Datenschutzverordnung \u00fcber die Art, den Umfang und den Zweck der Erhebung und Verwendung personenbezogener Daten durch den Websitebetreiber (GEW Weser-Ems, vertreten durch den\/die jeweilige Vorsitzende(n)) informieren.<\/b><\/p>\n<p><strong>Der Datenschutzbeauftrage des Kreisverbands Friesland ist Martin Baurmann. Seine Kontaktdaten lauten:<\/strong><\/p>\n<p><strong>martin.baurmann [at] gmx.de<\/strong><strong><br \/><\/strong><\/p>\n<p><b>Der Websitebetreiber nimmt Ihren Datenschutz sehr ernst und behandelt Ihre personenbezogenen Daten vertraulich und entsprechend der gesetzlichen Vorschriften.<\/b><\/p>\n<p><b>Bedenken Sie, dass die Daten\u00fcbertragung im Internet grunds\u00e4tzlich mit Sicherheitsl\u00fccken bedacht sein kann. Ein vollumf\u00e4nglicher Schutz vor dem Zugriff durch Fremde ist nicht realisierbar.<\/b><\/p>\n<p><b>Zugriffsdaten<\/b><\/p>\n<p><b>Der Websitebetreiber bzw. der Seitenprovider erhebt Daten \u00fcber die Zugriffe auf die Seite und speichert diese als \u201eServer-Logfiles\u201c ab. Folgende Daten werden protokolliert:<\/b><\/p>\n<ul>\n<li><b><\/b><b>Besuchte Website<\/b><\/li>\n<li><b><\/b><b>Uhrzeit zum Zeitpunkt des Zugriffs<\/b><\/li>\n<li><b><\/b><b>Menge der gesendeten Daten in Byte<\/b><\/li>\n<li><b><\/b><b>Quelle\/Verweis, von welchem Sie auf die Seite gelangten. <\/b><\/li>\n<li><b><\/b><b>Verwendeter Browser<\/b><\/li>\n<li><b><\/b><b>Verwendetes Betriebssystem<\/b><\/li>\n<li><b><\/b><b>Die IP Adresse werden sowohl beim Provider als auch beim Websitebetreiber anonymisiert.<\/b><\/li>\n<\/ul>\n<p><b>Die erhobenen Daten dienen lediglich statistischen Auswertungen und zur Verbesserung der Website. Der Websitebetreiber beh\u00e4lt sich allerdings vor, die Server-Logfiles nachtr\u00e4glich zu \u00fcberpr\u00fcfen, sollten konkrete Anhaltspunkte auf eine rechtswidrige Nutzung hinweisen.<\/b><\/p>\n<p><b>Cookies<\/b><\/p>\n<p><b>Diese Website verwendet in geringem Umfang Cookies. Dabei handelt es sich um kleine Textdateien, welche auf Ihrem Endger\u00e4t gespeichert werden. Ihr Browser greift auf diese Dateien zu. Durch den Einsatz von Cookies erh\u00f6ht sich die Benutzerfreundlichkeit dieser Website. Auf diese Weise erkennt die Webseite beispielsweise, dass Sie ein ausgef\u00fclltes Formular bereits einmal abgeschickt haben.<\/b><\/p>\n<p><b>G\u00e4ngige Browser bieten die Einstellungsoption, Cookies nicht zuzulassen. Allerdings ist dann nicht gew\u00e4hrleistet, dass Sie auf alle Funktionen dieser Website ohne Einschr\u00e4nkungen zugreifen k\u00f6nnen.<\/b><\/p>\n<p><b>Umgang mit personenbezogenen Daten und Kontaktdaten<\/b><\/p>\n<p><b> <\/b><b>Wenn Sie mit uns \u00fcber die Webseite Kontakt aufnehmen, werden ihre Kontaktdaten gespeichert, um ihre Anfrage bearbeiten oder beantworten zu k\u00f6nnen. Die Daten verbleiben in der GEW und werden ohne Ihr Einverst\u00e4ndnis nicht an Dritte weitergegeben.<\/b><\/p>\n<p><b>Personenbezogene Daten werden nur dann erhoben, wenn diese n\u00f6tig sind. Dies ist z. B. dann der Fall, wenn Sie sich \u00fcber die Webseite f\u00fcr eine Veranstaltung oder einen Newsletter anmelden. In diesem Fall bleiben die Daten bis zum Ende des Angebots serverseitig gespeichert (Ende der Veranstaltung, Abmeldung vom Newsletter).<\/b><\/p>\n<p><b>Als personenbezogene Daten gelten s\u00e4mtliche Informationen, welche dazu dienen, Ihre Person zu bestimmen und welche zu Ihnen zur\u00fcckverfolgt werden k\u00f6nnen \u2013 also beispielsweise Ihr Name, Ihre E-Mail-Adresse und Telefonnummer.<\/b><\/p>\n<p><b>Umgang mit Kommentaren und Beitr\u00e4gen<br \/><\/b><\/p>\n<p><b>Hinterlassen Sie auf dieser Website einen Beitrag oder Kommentar, wird Ihre IP-Adresse gespeichert. Dies dient der Sicherheit des Websitebetreibers: Verst\u00f6\u00dft Ihr Text gegen das Recht, m\u00f6chte er Ihre Identit\u00e4t nachverfolgen k\u00f6nnen.<\/b><\/p>\n<p><b>Social Media Plugins\/Google Analytics etc.<\/b><\/p>\n<p><b>Diese Webseite verwendet KEINE Social Media Plugins. Statistisch erhobene Daten werden auch an keinen externen Anbieter wie z. B. Google weitergegeben.<\/b><\/p>\n<p><b>Rechte des Nutzers: Auskunft, Berichtigung und L\u00f6schung<\/b><\/p>\n<p><b>Sie als Nutzer erhalten auf Antrag Ihrerseits kostenlose Auskunft dar\u00fcber, welche personenbezogenen Daten \u00fcber Sie gespeichert wurden.<\/b><\/p>\n<\/div>\n<\/article>\n<\/div>","protected":false},"excerpt":{"rendered":"<p>Impressum Mit Urteil vom 12. Mai 1998 hat das Landgericht entschieden, dass man durch die Ausbringungeines Links die Inhalte der gelinkten Seite ggf. mit zu verantworten hat.Dies kann \u2013 so das LG \u2013 nur dadurch verhindert werden, dass man sich ausdr\u00fccklich von diesen Inhalten distanziert.Wir haben auf verschiedenen Seiten dieser Homepage, Links zu anderen Seiten im Internet gelegt.F\u00fcr all diese Links gilt: Wir m\u00f6chten ausdr\u00fccklich betonen, dass wir keinerlei Einfluss auf die Gestaltung und die Inhalte der gelinkten Seiten haben.Deshalb distanzieren wir uns hiermit ausdr\u00fccklich von Inhalten aller gelinkten Seiten auf unserer Homepage und machen uns ihre Inhalte nicht zu eigen.Diese Erkl\u00e4rung gilt f\u00fcr alle auf unserer Homepage ausgebrachten Links. Verantwortlich f\u00fcr diese Webpage ist Martin Baurmann. Postanschrift: Martin Baurmann Fichtestra\u00dfe 11 26384 Wilhelmshaven martin.baurmann [at] gmx.de Datenschutzerkl\u00e4rung Diese Datenschutzerkl\u00e4rung soll die Nutzer dieser Webseite gem\u00e4\u00df Bundesdatenschutzgesetz, Telemediengesetz und Europ\u00e4ische Datenschutzverordnung \u00fcber die Art, den Umfang und den Zweck der Erhebung und Verwendung personenbezogener Daten durch den Websitebetreiber (GEW Weser-Ems, vertreten durch den\/die jeweilige Vorsitzende(n)) informieren. Der Datenschutzbeauftrage des Kreisverbands Friesland ist Martin Baurmann. Seine Kontaktdaten lauten: martin.baurmann [at] gmx.de Der Websitebetreiber nimmt Ihren Datenschutz sehr ernst und behandelt Ihre personenbezogenen Daten vertraulich und entsprechend der gesetzlichen Vorschriften. Bedenken Sie, [&#8230;]<\/p>\n","protected":false},"author":2,"featured_media":243,"comment_status":"open","ping_status":"open","sticky":true,"template":"","format":"standard","meta":{"footnotes":""},"categories":[3,6],"tags":[],"class_list":["post-106","post","type-post","status-publish","format-standard","has-post-thumbnail","hentry","category-aktuelles","category-datenschutz"],"_links":{"self":[{"href":"https:\/\/jever.gewweserems.de\/index.php?rest_route=\/wp\/v2\/posts\/106","targetHints":{"allow":["GET"]}}],"collection":[{"href":"https:\/\/jever.gewweserems.de\/index.php?rest_route=\/wp\/v2\/posts"}],"about":[{"href":"https:\/\/jever.gewweserems.de\/index.php?rest_route=\/wp\/v2\/types\/post"}],"author":[{"embeddable":true,"href":"https:\/\/jever.gewweserems.de\/index.php?rest_route=\/wp\/v2\/users\/2"}],"replies":[{"embeddable":true,"href":"https:\/\/jever.gewweserems.de\/index.php?rest_route=%2Fwp%2Fv2%2Fcomments&post=106"}],"version-history":[{"count":9,"href":"https:\/\/jever.gewweserems.de\/index.php?rest_route=\/wp\/v2\/posts\/106\/revisions"}],"predecessor-version":[{"id":369,"href":"https:\/\/jever.gewweserems.de\/index.php?rest_route=\/wp\/v2\/posts\/106\/revisions\/369"}],"wp:featuredmedia":[{"embeddable":true,"href":"https:\/\/jever.gewweserems.de\/index.php?rest_route=\/wp\/v2\/media\/243"}],"wp:attachment":[{"href":"https:\/\/jever.gewweserems.de\/index.php?rest_route=%2Fwp%2Fv2%2Fmedia&parent=106"}],"wp:term":[{"taxonomy":"category","embeddable":true,"href":"https:\/\/jever.gewweserems.de\/index.php?rest_route=%2Fwp%2Fv2%2Fcategories&post=106"},{"taxonomy":"post_tag","embeddable":true,"href":"https:\/\/jever.gewweserems.de\/index.php?rest_route=%2Fwp%2Fv2%2Ftags&post=106"}],"curies":[{"name":"wp","href":"https:\/\/api.w.org\/{rel}","templated":true}]}}